[{"@context":"https:\/\/schema.org\/","@type":"Article","@id":"https:\/\/www.creates.cz\/prestavba-bez-obav\/#Article","mainEntityOfPage":"https:\/\/www.creates.cz\/prestavba-bez-obav\/","headline":"P\u0159estavba bez obav","name":"P\u0159estavba bez obav","description":"M\u00e1te byt v Praze a chyst\u00e1te se pustit do n\u011bjak\u00e9 p\u0159estavby nebo&hellip; ","datePublished":"2025-04-26","dateModified":"2025-04-26","author":{"@type":"Person","@id":"https:\/\/www.creates.cz\/author\/#Person","name":"","url":"https:\/\/www.creates.cz\/author\/","identifier":1,"image":{"@type":"ImageObject","@id":"https:\/\/secure.gravatar.com\/avatar\/4a71ad3e3da672fdab00dac6e0f7e744f8cb217202b101d0ffab0cf07645e95c?s=96&d=mm&r=g","url":"https:\/\/secure.gravatar.com\/avatar\/4a71ad3e3da672fdab00dac6e0f7e744f8cb217202b101d0ffab0cf07645e95c?s=96&d=mm&r=g","height":96,"width":96}},"publisher":{"@type":"Organization","name":"creates.cz","logo":{"@type":"ImageObject","@id":"\/logo.png","url":"\/logo.png","width":600,"height":60}},"url":"https:\/\/www.creates.cz\/prestavba-bez-obav\/","wordCount":184,"articleBody":"M\u00e1te byt v Praze a chyst\u00e1te se pustit do n\u011bjak\u00e9 p\u0159estavby nebo \u00fapravy bydlen\u00ed, ale nechce se V\u00e1m do toho kv\u016fli v\u0161em mo\u017en\u00fdm probl\u00e9m\u016fm, pr\u016ftah\u016fm a tomu nepo\u0159\u00e1dku, co rekonstrukce nad\u011bl\u00e1? Pak se nemus\u00edte ob\u00e1vat, proto\u017ee na\u0161e firma nab\u00edz\u00ed rekonstrukce byt\u016f Praha, a to zcela bez probl\u00e9m\u016f a zaji\u0161t\u011bnou profesion\u00e1ly. P\u0159iprav\u00edme proto pro V\u00e1s ide\u00e1ln\u00ed pl\u00e1n, aby v\u0161e \u0161lo jako po dr\u00e1tk\u00e1ch a Vy se tak nemus\u00edte o nic starat.Nechte to na n\u00e1sPokud m\u00e1te jasnou p\u0159edstavu, jak p\u0159estavbu prov\u00e9st, sta\u010d\u00ed ji sd\u011blit a jist\u011b vyhov\u00edme Va\u0161im po\u017eadavk\u016fm. V opa\u010dn\u00e9m p\u0159\u00edpad\u011b, pokud se chyst\u00e1te na rekonstrukci bytu v Praze, sta\u010d\u00ed zaj\u00edt pro radu za na\u0161\u00edm architektem, kter\u00fd bude Va\u0161\u00ed pravou rukou p\u0159i p\u0159ed\u011bl\u00e1v\u00e1n\u00ed Va\u0161eho domova. Za\u0159\u00edd\u00edme V\u00e1m rekonstrukce byt\u016f Praha, p\u0159esv\u011bd\u010dte se.                                                                                                                                                                                                                                                                                                                                                                                                "},{"@context":"https:\/\/schema.org\/","@type":"BreadcrumbList","itemListElement":[{"@type":"ListItem","position":1,"name":"P\u0159estavba bez obav","item":"https:\/\/www.creates.cz\/prestavba-bez-obav\/#breadcrumbitem"}]}]